{"id":4617,"date":"2023-12-19T10:20:03","date_gmt":"2023-12-19T09:20:03","guid":{"rendered":"https:\/\/www.studio-kubik.de\/?p=4617"},"modified":"2025-12-10T14:56:19","modified_gmt":"2025-12-10T13:56:19","slug":"anbau-aus-holz-konstruktiver-holzbau-in-berlin","status":"publish","type":"post","link":"https:\/\/www.studio-kubik.de\/en\/anbau-aus-holz-konstruktiver-holzbau-in-berlin\/","title":{"rendered":"Extension building &#8211; timber construction"},"content":{"rendered":"\n<p id=\"tw-target-text\">An existing semi-detached house is being converted and expanded with a two-story extension building. On the ground floor the living room expands to include a dining and a kitchen area. A wide corner window connects the living area to the adjacent terrace and garden. The upper floor contains the parents&#8217; bedroom and a work room. The wooden ceilings remain visible and create a homely atmosphere with their natural surfaces. Together with the open slat facade made of larch wood the timber construction becomes tangible.<\/p>\n\n\n\n<figure class=\"wp-block-gallery has-nested-images columns-default is-cropped wp-block-gallery-1 is-layout-flex wp-block-gallery-is-layout-flex\">\n<figure class=\"wp-block-image size-large\"><img loading=\"lazy\" decoding=\"async\" width=\"1024\" height=\"701\" data-id=\"4710\" src=\"https:\/\/www.studio-kubik.de\/wp-content\/uploads\/2024\/12\/STUDIOKUBIK-shs-architektur-architecture-holzbau-anbau-umbau-eg-foto-1024x701.jpg\" alt=\"\" class=\"wp-image-4710\" srcset=\"https:\/\/www.studio-kubik.de\/wp-content\/uploads\/2024\/12\/STUDIOKUBIK-shs-architektur-architecture-holzbau-anbau-umbau-eg-foto-1024x701.jpg 1024w, https:\/\/www.studio-kubik.de\/wp-content\/uploads\/2024\/12\/STUDIOKUBIK-shs-architektur-architecture-holzbau-anbau-umbau-eg-foto-300x205.jpg 300w, https:\/\/www.studio-kubik.de\/wp-content\/uploads\/2024\/12\/STUDIOKUBIK-shs-architektur-architecture-holzbau-anbau-umbau-eg-foto-768x526.jpg 768w, https:\/\/www.studio-kubik.de\/wp-content\/uploads\/2024\/12\/STUDIOKUBIK-shs-architektur-architecture-holzbau-anbau-umbau-eg-foto-1536x1052.jpg 1536w, https:\/\/www.studio-kubik.de\/wp-content\/uploads\/2024\/12\/STUDIOKUBIK-shs-architektur-architecture-holzbau-anbau-umbau-eg-foto-2048x1402.jpg 2048w, https:\/\/www.studio-kubik.de\/wp-content\/uploads\/2024\/12\/STUDIOKUBIK-shs-architektur-architecture-holzbau-anbau-umbau-eg-foto-1200x822.jpg 1200w\" sizes=\"auto, (max-width: 1024px) 100vw, 1024px\" \/><figcaption class=\"wp-element-caption\">Foto EG<\/figcaption><\/figure>\n\n\n\n<figure class=\"wp-block-image size-large\"><img loading=\"lazy\" decoding=\"async\" width=\"1024\" height=\"683\" data-id=\"4853\" src=\"https:\/\/www.studio-kubik.de\/wp-content\/uploads\/2023\/12\/STUDIOKUBIK-shs-architektur-architecture-holzbau-anbau-umbau-og-foto22-1024x683.jpg\" alt=\"STUDIOKUBIK-shs-architektur-architecture-holzbau-anbau-umbau-og-foto22\" class=\"wp-image-4853\" srcset=\"https:\/\/www.studio-kubik.de\/wp-content\/uploads\/2023\/12\/STUDIOKUBIK-shs-architektur-architecture-holzbau-anbau-umbau-og-foto22-1024x683.jpg 1024w, https:\/\/www.studio-kubik.de\/wp-content\/uploads\/2023\/12\/STUDIOKUBIK-shs-architektur-architecture-holzbau-anbau-umbau-og-foto22-300x200.jpg 300w, https:\/\/www.studio-kubik.de\/wp-content\/uploads\/2023\/12\/STUDIOKUBIK-shs-architektur-architecture-holzbau-anbau-umbau-og-foto22-768x512.jpg 768w, https:\/\/www.studio-kubik.de\/wp-content\/uploads\/2023\/12\/STUDIOKUBIK-shs-architektur-architecture-holzbau-anbau-umbau-og-foto22-1536x1024.jpg 1536w, https:\/\/www.studio-kubik.de\/wp-content\/uploads\/2023\/12\/STUDIOKUBIK-shs-architektur-architecture-holzbau-anbau-umbau-og-foto22-2048x1365.jpg 2048w, https:\/\/www.studio-kubik.de\/wp-content\/uploads\/2023\/12\/STUDIOKUBIK-shs-architektur-architecture-holzbau-anbau-umbau-og-foto22-1200x800.jpg 1200w\" sizes=\"auto, (max-width: 1024px) 100vw, 1024px\" \/><figcaption class=\"wp-element-caption\">Foto EG<\/figcaption><\/figure>\n\n\n\n<figure class=\"wp-block-image size-large\"><img loading=\"lazy\" decoding=\"async\" width=\"1024\" height=\"683\" data-id=\"4711\" src=\"https:\/\/www.studio-kubik.de\/wp-content\/uploads\/2024\/12\/STUDIOKUBIK-shs-architektur-architecture-holzbau-anbau-umbau-og-foto-1024x683.jpg\" alt=\"\" class=\"wp-image-4711\" srcset=\"https:\/\/www.studio-kubik.de\/wp-content\/uploads\/2024\/12\/STUDIOKUBIK-shs-architektur-architecture-holzbau-anbau-umbau-og-foto-1024x683.jpg 1024w, https:\/\/www.studio-kubik.de\/wp-content\/uploads\/2024\/12\/STUDIOKUBIK-shs-architektur-architecture-holzbau-anbau-umbau-og-foto-300x200.jpg 300w, https:\/\/www.studio-kubik.de\/wp-content\/uploads\/2024\/12\/STUDIOKUBIK-shs-architektur-architecture-holzbau-anbau-umbau-og-foto-768x512.jpg 768w, https:\/\/www.studio-kubik.de\/wp-content\/uploads\/2024\/12\/STUDIOKUBIK-shs-architektur-architecture-holzbau-anbau-umbau-og-foto-1536x1024.jpg 1536w, https:\/\/www.studio-kubik.de\/wp-content\/uploads\/2024\/12\/STUDIOKUBIK-shs-architektur-architecture-holzbau-anbau-umbau-og-foto-2048x1365.jpg 2048w, https:\/\/www.studio-kubik.de\/wp-content\/uploads\/2024\/12\/STUDIOKUBIK-shs-architektur-architecture-holzbau-anbau-umbau-og-foto-1200x800.jpg 1200w\" sizes=\"auto, (max-width: 1024px) 100vw, 1024px\" \/><figcaption class=\"wp-element-caption\">Foto OG<\/figcaption><\/figure>\n\n\n\n<figure class=\"wp-block-image size-large\"><img loading=\"lazy\" decoding=\"async\" width=\"1024\" height=\"576\" data-id=\"4727\" src=\"https:\/\/www.studio-kubik.de\/wp-content\/uploads\/2024\/12\/STUDIOKUBIK-shs-architektur-architecture-holzbau-anbau-umbau-og-foto2-1024x576.jpg\" alt=\"\" class=\"wp-image-4727\" srcset=\"https:\/\/www.studio-kubik.de\/wp-content\/uploads\/2024\/12\/STUDIOKUBIK-shs-architektur-architecture-holzbau-anbau-umbau-og-foto2-1024x576.jpg 1024w, https:\/\/www.studio-kubik.de\/wp-content\/uploads\/2024\/12\/STUDIOKUBIK-shs-architektur-architecture-holzbau-anbau-umbau-og-foto2-300x169.jpg 300w, https:\/\/www.studio-kubik.de\/wp-content\/uploads\/2024\/12\/STUDIOKUBIK-shs-architektur-architecture-holzbau-anbau-umbau-og-foto2-768x432.jpg 768w, https:\/\/www.studio-kubik.de\/wp-content\/uploads\/2024\/12\/STUDIOKUBIK-shs-architektur-architecture-holzbau-anbau-umbau-og-foto2-1536x864.jpg 1536w, https:\/\/www.studio-kubik.de\/wp-content\/uploads\/2024\/12\/STUDIOKUBIK-shs-architektur-architecture-holzbau-anbau-umbau-og-foto2-2048x1152.jpg 2048w, https:\/\/www.studio-kubik.de\/wp-content\/uploads\/2024\/12\/STUDIOKUBIK-shs-architektur-architecture-holzbau-anbau-umbau-og-foto2-1200x675.jpg 1200w\" sizes=\"auto, (max-width: 1024px) 100vw, 1024px\" \/><\/figure>\n\n\n\n<figure class=\"wp-block-image size-large\"><img loading=\"lazy\" decoding=\"async\" width=\"1024\" height=\"790\" data-id=\"4623\" src=\"https:\/\/www.studio-kubik.de\/wp-content\/uploads\/2023\/12\/STUDIOKUBIK-shs-architektur-architecture-holzbau-anbau-umbau-perspektive-1024x790.jpg\" alt=\"Gartenperspektive - Anbau aus Holz | An- und Umbau einer Doppelhaush\u00e4lfte f\u00fcr eine Familie | Konstruktiver Holzbau mit Fassade aus L\u00e4rchenholz in Berlin\" class=\"wp-image-4623\" srcset=\"https:\/\/www.studio-kubik.de\/wp-content\/uploads\/2023\/12\/STUDIOKUBIK-shs-architektur-architecture-holzbau-anbau-umbau-perspektive-1024x790.jpg 1024w, https:\/\/www.studio-kubik.de\/wp-content\/uploads\/2023\/12\/STUDIOKUBIK-shs-architektur-architecture-holzbau-anbau-umbau-perspektive-300x231.jpg 300w, https:\/\/www.studio-kubik.de\/wp-content\/uploads\/2023\/12\/STUDIOKUBIK-shs-architektur-architecture-holzbau-anbau-umbau-perspektive-768x592.jpg 768w, https:\/\/www.studio-kubik.de\/wp-content\/uploads\/2023\/12\/STUDIOKUBIK-shs-architektur-architecture-holzbau-anbau-umbau-perspektive-1536x1184.jpg 1536w, https:\/\/www.studio-kubik.de\/wp-content\/uploads\/2023\/12\/STUDIOKUBIK-shs-architektur-architecture-holzbau-anbau-umbau-perspektive-1200x925.jpg 1200w, https:\/\/www.studio-kubik.de\/wp-content\/uploads\/2023\/12\/STUDIOKUBIK-shs-architektur-architecture-holzbau-anbau-umbau-perspektive.jpg 1800w\" sizes=\"auto, (max-width: 1024px) 100vw, 1024px\" \/><figcaption class=\"wp-element-caption\">Gartenperspektive<\/figcaption><\/figure>\n\n\n\n<figure class=\"wp-block-image size-large\"><img loading=\"lazy\" decoding=\"async\" width=\"1024\" height=\"724\" data-id=\"4622\" src=\"https:\/\/www.studio-kubik.de\/wp-content\/uploads\/2023\/12\/STUDIOKUBIK-shs-architektur-architecture-holzbau-anbau-umbau-schnitt-sc-1024x724.jpg\" alt=\"Schnitt - Anbau aus Holz | An- und Umbau einer Doppelhaush\u00e4lfte f\u00fcr eine Familie | Konstruktiver Holzbau mit Fassade aus L\u00e4rchenholz in Berlin\" class=\"wp-image-4622\" srcset=\"https:\/\/www.studio-kubik.de\/wp-content\/uploads\/2023\/12\/STUDIOKUBIK-shs-architektur-architecture-holzbau-anbau-umbau-schnitt-sc-1024x724.jpg 1024w, https:\/\/www.studio-kubik.de\/wp-content\/uploads\/2023\/12\/STUDIOKUBIK-shs-architektur-architecture-holzbau-anbau-umbau-schnitt-sc-300x212.jpg 300w, https:\/\/www.studio-kubik.de\/wp-content\/uploads\/2023\/12\/STUDIOKUBIK-shs-architektur-architecture-holzbau-anbau-umbau-schnitt-sc-768x543.jpg 768w, https:\/\/www.studio-kubik.de\/wp-content\/uploads\/2023\/12\/STUDIOKUBIK-shs-architektur-architecture-holzbau-anbau-umbau-schnitt-sc-1536x1086.jpg 1536w, https:\/\/www.studio-kubik.de\/wp-content\/uploads\/2023\/12\/STUDIOKUBIK-shs-architektur-architecture-holzbau-anbau-umbau-schnitt-sc-2048x1448.jpg 2048w, https:\/\/www.studio-kubik.de\/wp-content\/uploads\/2023\/12\/STUDIOKUBIK-shs-architektur-architecture-holzbau-anbau-umbau-schnitt-sc-1200x849.jpg 1200w\" sizes=\"auto, (max-width: 1024px) 100vw, 1024px\" \/><figcaption class=\"wp-element-caption\">Schnitt<\/figcaption><\/figure>\n\n\n\n<figure class=\"wp-block-image size-large\"><img loading=\"lazy\" decoding=\"async\" width=\"1024\" height=\"724\" data-id=\"4621\" src=\"https:\/\/www.studio-kubik.de\/wp-content\/uploads\/2023\/12\/STUDIOKUBIK-shs-architektur-architecture-holzbau-anbau-umbau-eg-1-1024x724.jpg\" alt=\"Erdgeschoss - Anbau aus Holz | An- und Umbau einer Doppelhaush\u00e4lfte f\u00fcr eine Familie | Konstruktiver Holzbau mit Fassade aus L\u00e4rchenholz in Berlin\" class=\"wp-image-4621\" srcset=\"https:\/\/www.studio-kubik.de\/wp-content\/uploads\/2023\/12\/STUDIOKUBIK-shs-architektur-architecture-holzbau-anbau-umbau-eg-1-1024x724.jpg 1024w, https:\/\/www.studio-kubik.de\/wp-content\/uploads\/2023\/12\/STUDIOKUBIK-shs-architektur-architecture-holzbau-anbau-umbau-eg-1-300x212.jpg 300w, https:\/\/www.studio-kubik.de\/wp-content\/uploads\/2023\/12\/STUDIOKUBIK-shs-architektur-architecture-holzbau-anbau-umbau-eg-1-768x543.jpg 768w, https:\/\/www.studio-kubik.de\/wp-content\/uploads\/2023\/12\/STUDIOKUBIK-shs-architektur-architecture-holzbau-anbau-umbau-eg-1-1536x1086.jpg 1536w, https:\/\/www.studio-kubik.de\/wp-content\/uploads\/2023\/12\/STUDIOKUBIK-shs-architektur-architecture-holzbau-anbau-umbau-eg-1-1200x848.jpg 1200w, https:\/\/www.studio-kubik.de\/wp-content\/uploads\/2023\/12\/STUDIOKUBIK-shs-architektur-architecture-holzbau-anbau-umbau-eg-1.jpg 2000w\" sizes=\"auto, (max-width: 1024px) 100vw, 1024px\" \/><figcaption class=\"wp-element-caption\">Erdgeschoss<\/figcaption><\/figure>\n\n\n\n<figure class=\"wp-block-image size-large\"><img loading=\"lazy\" decoding=\"async\" width=\"1024\" height=\"724\" data-id=\"4624\" src=\"https:\/\/www.studio-kubik.de\/wp-content\/uploads\/2023\/12\/STUDIOKUBIK-shs-architektur-architecture-holzbau-anbau-umbau-og-1-1024x724.jpg\" alt=\"Obergeschoss - Anbau aus Holz | An- und Umbau einer Doppelhaush\u00e4lfte f\u00fcr eine Familie | Konstruktiver Holzbau mit Fassade aus L\u00e4rchenholz in Berlin\" class=\"wp-image-4624\" srcset=\"https:\/\/www.studio-kubik.de\/wp-content\/uploads\/2023\/12\/STUDIOKUBIK-shs-architektur-architecture-holzbau-anbau-umbau-og-1-1024x724.jpg 1024w, https:\/\/www.studio-kubik.de\/wp-content\/uploads\/2023\/12\/STUDIOKUBIK-shs-architektur-architecture-holzbau-anbau-umbau-og-1-300x212.jpg 300w, https:\/\/www.studio-kubik.de\/wp-content\/uploads\/2023\/12\/STUDIOKUBIK-shs-architektur-architecture-holzbau-anbau-umbau-og-1-768x543.jpg 768w, https:\/\/www.studio-kubik.de\/wp-content\/uploads\/2023\/12\/STUDIOKUBIK-shs-architektur-architecture-holzbau-anbau-umbau-og-1-1536x1086.jpg 1536w, https:\/\/www.studio-kubik.de\/wp-content\/uploads\/2023\/12\/STUDIOKUBIK-shs-architektur-architecture-holzbau-anbau-umbau-og-1-1200x848.jpg 1200w, https:\/\/www.studio-kubik.de\/wp-content\/uploads\/2023\/12\/STUDIOKUBIK-shs-architektur-architecture-holzbau-anbau-umbau-og-1.jpg 2000w\" sizes=\"auto, (max-width: 1024px) 100vw, 1024px\" \/><figcaption class=\"wp-element-caption\">Obergeschoss<\/figcaption><\/figure>\n<\/figure>\n\n\n\n<p class=\"has-text-align-center\"><a href=\"https:\/\/www.studio-kubik.de\/aktuelles\/\" target=\"_blank\" rel=\"noreferrer noopener\">STUDIO<strong>KUBIK<\/strong><\/a> | <a href=\"https:\/\/www.gasper-twp.de\/\">gasper\/ Tragwerksplanung<\/a> <\/p>\n","protected":false},"excerpt":{"rendered":"<p>An existing semi-detached house is being converted and expanded with a two-story extension building. On the ground floor the living room expands to include a dining and a kitchen area. A wide corner window connects the living area to the adjacent terrace and garden. The upper floor contains the parents&#8217; bedroom and a work room. [&hellip;]<\/p>\n","protected":false},"author":1,"featured_media":4858,"comment_status":"open","ping_status":"open","sticky":false,"template":"","format":"standard","meta":{"_exactmetrics_skip_tracking":false,"_exactmetrics_sitenote_active":false,"_exactmetrics_sitenote_note":"","_exactmetrics_sitenote_category":0,"footnotes":""},"categories":[1],"class_list":["post-4617","post","type-post","status-publish","format-standard","has-post-thumbnail","hentry","category-projekt"],"translation":{"provider":"WPGlobus","version":"3.0.2","language":"en","enabled_languages":["de","en"],"languages":{"de":{"title":true,"content":true,"excerpt":false},"en":{"title":true,"content":true,"excerpt":false}}},"_links":{"self":[{"href":"https:\/\/www.studio-kubik.de\/en\/wp-json\/wp\/v2\/posts\/4617","targetHints":{"allow":["GET"]}}],"collection":[{"href":"https:\/\/www.studio-kubik.de\/en\/wp-json\/wp\/v2\/posts"}],"about":[{"href":"https:\/\/www.studio-kubik.de\/en\/wp-json\/wp\/v2\/types\/post"}],"author":[{"embeddable":true,"href":"https:\/\/www.studio-kubik.de\/en\/wp-json\/wp\/v2\/users\/1"}],"replies":[{"embeddable":true,"href":"https:\/\/www.studio-kubik.de\/en\/wp-json\/wp\/v2\/comments?post=4617"}],"version-history":[{"count":9,"href":"https:\/\/www.studio-kubik.de\/en\/wp-json\/wp\/v2\/posts\/4617\/revisions"}],"predecessor-version":[{"id":4900,"href":"https:\/\/www.studio-kubik.de\/en\/wp-json\/wp\/v2\/posts\/4617\/revisions\/4900"}],"wp:featuredmedia":[{"embeddable":true,"href":"https:\/\/www.studio-kubik.de\/en\/wp-json\/wp\/v2\/media\/4858"}],"wp:attachment":[{"href":"https:\/\/www.studio-kubik.de\/en\/wp-json\/wp\/v2\/media?parent=4617"}],"wp:term":[{"taxonomy":"category","embeddable":true,"href":"https:\/\/www.studio-kubik.de\/en\/wp-json\/wp\/v2\/categories?post=4617"}],"curies":[{"name":"wp","href":"https:\/\/api.w.org\/{rel}","templated":true}]}}