{"id":4533,"date":"2023-12-15T10:37:50","date_gmt":"2023-12-15T09:37:50","guid":{"rendered":"https:\/\/www.studio-kubik.de\/?p=4533"},"modified":"2023-12-15T11:26:28","modified_gmt":"2023-12-15T10:26:28","slug":"schulareal-in-gemeinschaftliches-wohnen","status":"publish","type":"post","link":"https:\/\/www.studio-kubik.de\/en\/schulareal-in-gemeinschaftliches-wohnen\/","title":{"rendered":"SCHULE IN GEMEINSCHAFTLICHES WOHNEN"},"content":{"rendered":"\n<p>Umgestaltung des alten Schulareals in ein gemeinschaftliches Wohnquartier.<\/p>\n\n\n\n<p><strong>Ausgangslage<\/strong><\/p>\n\n\n\n<p>Die Gemeinde in Neukirchen bietet mit guter Anbindung und Infrastruktur die Grundlage f\u00fcr eine weitere Entwicklung. Das Areal der ehemaligen Grundschule liegt im unmittelbaren \u00dcbergang zum Landschaftsraum und ist fu\u00dfl\u00e4ufig vom Bahnhof erreichbar.<\/p>\n\n\n\n<p>Um f\u00fcr Wohnungssuchende in Zukunft gerade auch im l\u00e4ndlichen Raum interessant zu sein, werden neue Angebote zum Wohnen n\u00f6tig. Dabei bieten sich hier auch Chancen, sich gegen\u00fcber dem \u00fcberhitzten Wohnungsmarkt der St\u00e4dte als Alternative anzubieten. Mit bezahlbaren Wohnraum, der N\u00e4he zur Natur, eigenen und gemeinschaftlichen G\u00e4rten, einer Gemeinschaft im Quartier und im Haus, netten Nachbarn, dem Austausch untereinander und gemeinschaftlichen Nutzungsm\u00f6glichkeiten.&nbsp;<\/p>\n\n\n\n<p>Das ehemalige Schulgeb\u00e4ude bietet mit seinem verbindenden Sockelgeschoss eine au\u00dfergew\u00f6hnliche M\u00f6glichkeit, aus der Geschichte des Ortes und dem Bestand heraus ein Quartier mit besonderem gemeinschaftlichen Charakter zu schaffen. Es wird durch Neubauten erg\u00e4nzt, die weitere Wohnungstypen erm\u00f6glichen.<\/p>\n\n\n\n<p><strong>DIE IDEE<\/strong><\/p>\n\n\n\n<p>Die Zielvorstellung ist die Umgestaltung des Schulareals, wof\u00fcr die \u201egraue Energie\u201c des Bestandes genutzt wird f\u00fcr die Transformation in ein ein zukunftsf\u00e4higes, nachhaltiges und gemeinschaftliches Wohnquartier.&nbsp;<\/p>\n\n\n\n<p>Die diversen R\u00e4umlichkeiten der ehem. Schule von Klassenraum bis Sporthalle werden f\u00fcr Nutzungen wie Ateliers, Co-Working, wohnungsnahem Gewerbe oder gemeinschaftlichen Angebote f\u00fcr die Gemeinde weitergenutzt.&nbsp;<\/p>\n\n\n\n<p>Der Bestand wird so in ein durchmischtes Quartier \u00fcberf\u00fchrt, das Qualit\u00e4ten jenseits einer monofunktionalen Schlafstadt bietet und auch eine Bereicherung f\u00fcr die Dorfgemeinschaft darstellt.<\/p>\n\n\n\n<p>Durch Nutzungsmischung, gemeinschaftlichen Nutzungen und unterschiedliche Wohnformen f\u00fcr verschiedene Nutzer- und Altersgruppen werden so urbane Qualit\u00e4ten von Vielfalt und Gemeinschaft erzeugt.<\/p>\n\n\n\n<p>Wir schlagen als Organisationsform eine Genossenschaft f\u00fcr das Quartier vor, die neben der klassischen Verwaltung auch ein erweitertes Spektrum an gemeinschaftlichen Dienstleistungen (Angebote, Mobilit\u00e4t, Betreuung\u2026) \u00fcbernimmt.<\/p>\n\n\n\n<p>Das dient der Zukunftsf\u00e4higkeit und der Aneignung. Den Nutzern und Bewohnern werden sowohl Einfluss und Mitsprache als auch Verantwortung in der Gestaltung ihres Wohnumfeldes geboten.<\/p>\n\n\n\n<p>Eine Genossenschaft k\u00f6nnte sich auch langfristig zu einer erweiterten sozialen und \u00f6kologischen Verantwortung verpflichten.&nbsp;<\/p>\n\n\n\n<p>Themen wie z. B. Inklusion und Teilhabe in unterschiedlichen Wohn- und Organisationsformen k\u00f6nnten in der Satzung festgehalten werden.<\/p>\n\n\n\n<p>Das Quartier k\u00f6nnte so ein zukunftsweisendes Modell f\u00fcr ein nachhaltiges und anpassungsf\u00e4higes Wohnquartier im l\u00e4ndlichen Raum werden.&nbsp;<\/p>\n\n\n\n<p class=\"has-text-align-center\"><a href=\"https:\/\/www.studio-kubik.de\/aktuelles\/\">STUDIO<strong>KUBIK<\/strong> Architekten<\/a> | <a href=\"https:\/\/neukirchen-bei-sulzbach-rosenberg.de\" target=\"_blank\" rel=\"noreferrer noopener\">Gemeinde Neukirchen<\/a> | <a href=\"https:\/\/www.landstadt.bayern.de\" target=\"_blank\" rel=\"noreferrer noopener\">LandStadt Bayern<\/a><\/p>\n\n\n\n<figure class=\"wp-block-gallery has-nested-images columns-default is-cropped wp-block-gallery-1 is-layout-flex wp-block-gallery-is-layout-flex\">\n<figure class=\"wp-block-image size-large\"><img loading=\"lazy\" decoding=\"async\" width=\"967\" height=\"608\" data-id=\"4541\" src=\"https:\/\/www.studio-kubik.de\/wp-content\/uploads\/2023\/12\/STUDIOKUBIK-architektur-architecture-kommunaler-wohnungsbau-neukirchen-perspektive.jpg\" alt=\"\" class=\"wp-image-4541\" srcset=\"https:\/\/www.studio-kubik.de\/wp-content\/uploads\/2023\/12\/STUDIOKUBIK-architektur-architecture-kommunaler-wohnungsbau-neukirchen-perspektive.jpg 967w, https:\/\/www.studio-kubik.de\/wp-content\/uploads\/2023\/12\/STUDIOKUBIK-architektur-architecture-kommunaler-wohnungsbau-neukirchen-perspektive-300x189.jpg 300w, https:\/\/www.studio-kubik.de\/wp-content\/uploads\/2023\/12\/STUDIOKUBIK-architektur-architecture-kommunaler-wohnungsbau-neukirchen-perspektive-768x483.jpg 768w\" sizes=\"auto, (max-width: 967px) 100vw, 967px\" \/><figcaption class=\"wp-element-caption\">Perspektive<\/figcaption><\/figure>\n\n\n\n<figure class=\"wp-block-image size-large\"><img loading=\"lazy\" decoding=\"async\" width=\"1024\" height=\"735\" data-id=\"4556\" src=\"https:\/\/www.studio-kubik.de\/wp-content\/uploads\/2023\/12\/STUDIOKUBIK-architektur-architecture-kommunaler-wohnungsbau-neukirchen-piktogramm-1024x735.jpg\" alt=\"\" class=\"wp-image-4556\" srcset=\"https:\/\/www.studio-kubik.de\/wp-content\/uploads\/2023\/12\/STUDIOKUBIK-architektur-architecture-kommunaler-wohnungsbau-neukirchen-piktogramm-1024x735.jpg 1024w, https:\/\/www.studio-kubik.de\/wp-content\/uploads\/2023\/12\/STUDIOKUBIK-architektur-architecture-kommunaler-wohnungsbau-neukirchen-piktogramm-300x215.jpg 300w, https:\/\/www.studio-kubik.de\/wp-content\/uploads\/2023\/12\/STUDIOKUBIK-architektur-architecture-kommunaler-wohnungsbau-neukirchen-piktogramm-768x551.jpg 768w, https:\/\/www.studio-kubik.de\/wp-content\/uploads\/2023\/12\/STUDIOKUBIK-architektur-architecture-kommunaler-wohnungsbau-neukirchen-piktogramm.jpg 1051w\" sizes=\"auto, (max-width: 1024px) 100vw, 1024px\" \/><figcaption class=\"wp-element-caption\">Piktogramm<\/figcaption><\/figure>\n\n\n\n<figure class=\"wp-block-image size-large\"><img loading=\"lazy\" decoding=\"async\" width=\"1024\" height=\"724\" data-id=\"4547\" src=\"https:\/\/www.studio-kubik.de\/wp-content\/uploads\/2023\/12\/STUDIOKUBIK-architektur-architecture-kommunaler-wohnungsbau-neukirchen-Grundriss-1024x724.jpg\" alt=\"\" class=\"wp-image-4547\" srcset=\"https:\/\/www.studio-kubik.de\/wp-content\/uploads\/2023\/12\/STUDIOKUBIK-architektur-architecture-kommunaler-wohnungsbau-neukirchen-Grundriss-1024x724.jpg 1024w, https:\/\/www.studio-kubik.de\/wp-content\/uploads\/2023\/12\/STUDIOKUBIK-architektur-architecture-kommunaler-wohnungsbau-neukirchen-Grundriss-300x212.jpg 300w, https:\/\/www.studio-kubik.de\/wp-content\/uploads\/2023\/12\/STUDIOKUBIK-architektur-architecture-kommunaler-wohnungsbau-neukirchen-Grundriss-768x543.jpg 768w, https:\/\/www.studio-kubik.de\/wp-content\/uploads\/2023\/12\/STUDIOKUBIK-architektur-architecture-kommunaler-wohnungsbau-neukirchen-Grundriss.jpg 1052w\" sizes=\"auto, (max-width: 1024px) 100vw, 1024px\" \/><figcaption class=\"wp-element-caption\">Grundriss<\/figcaption><\/figure>\n\n\n\n<figure class=\"wp-block-image size-large\"><img loading=\"lazy\" decoding=\"async\" width=\"1024\" height=\"682\" data-id=\"4540\" src=\"https:\/\/www.studio-kubik.de\/wp-content\/uploads\/2023\/12\/STUDIOKUBIK-architektur-architecture-kommunaler-wohnungsbau-neukirchen-modellfoto-2-1024x682.jpg\" alt=\"\" class=\"wp-image-4540\" srcset=\"https:\/\/www.studio-kubik.de\/wp-content\/uploads\/2023\/12\/STUDIOKUBIK-architektur-architecture-kommunaler-wohnungsbau-neukirchen-modellfoto-2-1024x682.jpg 1024w, https:\/\/www.studio-kubik.de\/wp-content\/uploads\/2023\/12\/STUDIOKUBIK-architektur-architecture-kommunaler-wohnungsbau-neukirchen-modellfoto-2-300x200.jpg 300w, https:\/\/www.studio-kubik.de\/wp-content\/uploads\/2023\/12\/STUDIOKUBIK-architektur-architecture-kommunaler-wohnungsbau-neukirchen-modellfoto-2-768x512.jpg 768w, https:\/\/www.studio-kubik.de\/wp-content\/uploads\/2023\/12\/STUDIOKUBIK-architektur-architecture-kommunaler-wohnungsbau-neukirchen-modellfoto-2.jpg 1157w\" sizes=\"auto, (max-width: 1024px) 100vw, 1024px\" \/><figcaption class=\"wp-element-caption\">Modellfoto<\/figcaption><\/figure>\n\n\n\n<figure class=\"wp-block-image size-large\"><img loading=\"lazy\" decoding=\"async\" width=\"1024\" height=\"683\" data-id=\"4539\" src=\"https:\/\/www.studio-kubik.de\/wp-content\/uploads\/2023\/12\/STUDIOKUBIK-architektur-architecture-kommunaler-wohnungsbau-neukirchen-modellfoto-1-1024x683.jpg\" alt=\"\" class=\"wp-image-4539\" srcset=\"https:\/\/www.studio-kubik.de\/wp-content\/uploads\/2023\/12\/STUDIOKUBIK-architektur-architecture-kommunaler-wohnungsbau-neukirchen-modellfoto-1-1024x683.jpg 1024w, https:\/\/www.studio-kubik.de\/wp-content\/uploads\/2023\/12\/STUDIOKUBIK-architektur-architecture-kommunaler-wohnungsbau-neukirchen-modellfoto-1-300x200.jpg 300w, https:\/\/www.studio-kubik.de\/wp-content\/uploads\/2023\/12\/STUDIOKUBIK-architektur-architecture-kommunaler-wohnungsbau-neukirchen-modellfoto-1-768x512.jpg 768w, https:\/\/www.studio-kubik.de\/wp-content\/uploads\/2023\/12\/STUDIOKUBIK-architektur-architecture-kommunaler-wohnungsbau-neukirchen-modellfoto-1-1200x800.jpg 1200w, https:\/\/www.studio-kubik.de\/wp-content\/uploads\/2023\/12\/STUDIOKUBIK-architektur-architecture-kommunaler-wohnungsbau-neukirchen-modellfoto-1.jpg 1402w\" sizes=\"auto, (max-width: 1024px) 100vw, 1024px\" \/><figcaption class=\"wp-element-caption\">Modellfoto<\/figcaption><\/figure>\n<\/figure>\n","protected":false},"excerpt":{"rendered":"<p>Umgestaltung des alten Schulareals in ein gemeinschaftliches Wohnquartier. Ausgangslage Die Gemeinde in Neukirchen bietet mit guter Anbindung und Infrastruktur die Grundlage f\u00fcr eine weitere Entwicklung. Das Areal der ehemaligen Grundschule liegt im unmittelbaren \u00dcbergang zum Landschaftsraum und ist fu\u00dfl\u00e4ufig vom Bahnhof erreichbar. Um f\u00fcr Wohnungssuchende in Zukunft gerade auch im l\u00e4ndlichen Raum interessant zu sein, [&hellip;]<\/p>\n","protected":false},"author":1,"featured_media":4538,"comment_status":"open","ping_status":"open","sticky":false,"template":"","format":"standard","meta":{"_exactmetrics_skip_tracking":false,"_exactmetrics_sitenote_active":false,"_exactmetrics_sitenote_note":"","_exactmetrics_sitenote_category":0,"footnotes":""},"categories":[1],"class_list":["post-4533","post","type-post","status-publish","format-standard","has-post-thumbnail","hentry","category-projekt"],"translation":{"provider":"WPGlobus","version":"3.0.2","language":"en","enabled_languages":["de","en"],"languages":{"de":{"title":true,"content":true,"excerpt":false},"en":{"title":false,"content":false,"excerpt":false}}},"_links":{"self":[{"href":"https:\/\/www.studio-kubik.de\/en\/wp-json\/wp\/v2\/posts\/4533","targetHints":{"allow":["GET"]}}],"collection":[{"href":"https:\/\/www.studio-kubik.de\/en\/wp-json\/wp\/v2\/posts"}],"about":[{"href":"https:\/\/www.studio-kubik.de\/en\/wp-json\/wp\/v2\/types\/post"}],"author":[{"embeddable":true,"href":"https:\/\/www.studio-kubik.de\/en\/wp-json\/wp\/v2\/users\/1"}],"replies":[{"embeddable":true,"href":"https:\/\/www.studio-kubik.de\/en\/wp-json\/wp\/v2\/comments?post=4533"}],"version-history":[{"count":8,"href":"https:\/\/www.studio-kubik.de\/en\/wp-json\/wp\/v2\/posts\/4533\/revisions"}],"predecessor-version":[{"id":4557,"href":"https:\/\/www.studio-kubik.de\/en\/wp-json\/wp\/v2\/posts\/4533\/revisions\/4557"}],"wp:featuredmedia":[{"embeddable":true,"href":"https:\/\/www.studio-kubik.de\/en\/wp-json\/wp\/v2\/media\/4538"}],"wp:attachment":[{"href":"https:\/\/www.studio-kubik.de\/en\/wp-json\/wp\/v2\/media?parent=4533"}],"wp:term":[{"taxonomy":"category","embeddable":true,"href":"https:\/\/www.studio-kubik.de\/en\/wp-json\/wp\/v2\/categories?post=4533"}],"curies":[{"name":"wp","href":"https:\/\/api.w.org\/{rel}","templated":true}]}}